{"id":8272,"date":"2010-03-19T11:48:36","date_gmt":"2010-03-19T10:48:36","guid":{"rendered":"https:\/\/www.espanoluniversal.nl\/curso-de-espanol-avanzado-en-grupo-en-haarlem\/"},"modified":"2010-03-19T11:48:36","modified_gmt":"2010-03-19T10:48:36","slug":"curso-de-espanol-avanzado-en-grupo-en-haarlem","status":"publish","type":"post","link":"https:\/\/www.espanoluniversal.nl\/es\/curso-de-espanol-avanzado-en-grupo-en-haarlem\/","title":{"rendered":"Curso de espa\u00f1ol avanzado en grupo en Haarlem"},"content":{"rendered":"<p>En la semana del 19 de abril de 2021, comenzar\u00e1n en Haarlem varios cursos avanzados de espa\u00f1ol en grupo. Este curso est\u00e1 dise\u00f1ado para personas con un buen conocimiento de la lengua espa\u00f1ola. Durante las clases se hace hincapi\u00e9 en la expresi\u00f3n oral. Para m\u00e1s informaci\u00f3n, una reuni\u00f3n introductoria o una clase de prueba gratuita, haz clic <a title=\"Curso en grupo de espa\u00f1ol avanzado\" href=\"http:\/\/www.espanoluniversal.nl\/contact\/\">aqu\u00ed<\/a>.<\/p>\n","protected":false},"excerpt":{"rendered":"<p>En la semana del 19 de abril de 2021, comenzar\u00e1n en Haarlem varios cursos avanzados de espa\u00f1ol en grupo. Este curso est\u00e1 dise\u00f1ado para personas con un buen conocimiento de la lengua espa\u00f1ola. Durante las clases se hace hincapi\u00e9 en la expresi\u00f3n oral. Para m\u00e1s informaci\u00f3n, una reuni\u00f3n introductoria o una clase de prueba gratuita, [&hellip;]<\/p>\n","protected":false},"author":1,"featured_media":0,"comment_status":"closed","ping_status":"open","sticky":false,"template":"","format":"standard","meta":{"footnotes":""},"categories":[22],"tags":[],"class_list":["post-8272","post","type-post","status-publish","format-standard","hentry","category-sin-categorizar"],"_links":{"self":[{"href":"https:\/\/www.espanoluniversal.nl\/es\/wp-json\/wp\/v2\/posts\/8272","targetHints":{"allow":["GET"]}}],"collection":[{"href":"https:\/\/www.espanoluniversal.nl\/es\/wp-json\/wp\/v2\/posts"}],"about":[{"href":"https:\/\/www.espanoluniversal.nl\/es\/wp-json\/wp\/v2\/types\/post"}],"author":[{"embeddable":true,"href":"https:\/\/www.espanoluniversal.nl\/es\/wp-json\/wp\/v2\/users\/1"}],"replies":[{"embeddable":true,"href":"https:\/\/www.espanoluniversal.nl\/es\/wp-json\/wp\/v2\/comments?post=8272"}],"version-history":[{"count":0,"href":"https:\/\/www.espanoluniversal.nl\/es\/wp-json\/wp\/v2\/posts\/8272\/revisions"}],"wp:attachment":[{"href":"https:\/\/www.espanoluniversal.nl\/es\/wp-json\/wp\/v2\/media?parent=8272"}],"wp:term":[{"taxonomy":"category","embeddable":true,"href":"https:\/\/www.espanoluniversal.nl\/es\/wp-json\/wp\/v2\/categories?post=8272"},{"taxonomy":"post_tag","embeddable":true,"href":"https:\/\/www.espanoluniversal.nl\/es\/wp-json\/wp\/v2\/tags?post=8272"}],"curies":[{"name":"wp","href":"https:\/\/api.w.org\/{rel}","templated":true}]}}