{"id":8239,"date":"2011-05-01T08:02:19","date_gmt":"2011-05-01T07:02:19","guid":{"rendered":"https:\/\/www.espanoluniversal.nl\/curso-de-verano-de-espanol-para-principiantes-en-haarlem\/"},"modified":"2011-05-01T08:02:19","modified_gmt":"2011-05-01T07:02:19","slug":"curso-de-verano-de-espanol-para-principiantes-en-haarlem","status":"publish","type":"post","link":"https:\/\/www.espanoluniversal.nl\/es\/curso-de-verano-de-espanol-para-principiantes-en-haarlem\/","title":{"rendered":"Curso de verano de espa\u00f1ol para principiantes en Haarlem"},"content":{"rendered":"<ul>\n<li>Espa\u00f1ol Universal organiza un curso intensivo de espa\u00f1ol para principiantes en Haarlem en el verano de 2021. Este curso consta de 20 horas lectivas repartidas en cuatro d\u00edas.<\/li>\n<\/ul>\n<p style=\"text-align: center;\"><img fetchpriority=\"high\" decoding=\"async\" class=\"size-medium wp-image-702 aligncenter\" title=\"Curso de verano\" src=\"http:\/\/www.espanoluniversal.nl\/wp-content\/uploads\/2011\/05\/IMG_4732-300x225.jpg\" alt=\"\" width=\"300\" height=\"225\" srcset=\"https:\/\/www.espanoluniversal.nl\/wp-content\/uploads\/2011\/05\/IMG_4732-300x225.jpg 300w, https:\/\/www.espanoluniversal.nl\/wp-content\/uploads\/2011\/05\/IMG_4732-1024x768.jpg 1024w\" sizes=\"(max-width: 300px) 100vw, 300px\" \/><\/p>\n<ul>\n<li>El curso de verano est\u00e1 dise\u00f1ado para personas que quieren dominar las destrezas b\u00e1sicas de la lengua espa\u00f1ola de forma r\u00e1pida y eficaz. En este curso divertido y pr\u00e1ctico, aplicar\u00e1s inmediatamente lo que aprendas en cada lecci\u00f3n.<\/li>\n<\/ul>\n<ul>\n<li>Durante el programa de la ma\u00f1ana (de 09.00 a 12.00), trabajamos con un m\u00e9todo intensivo de ense\u00f1anza del espa\u00f1ol, as\u00ed como con materiales visuales y auditivos.<\/li>\n<\/ul>\n<ul>\n<li>El delicioso almuerzo (de 12.00 a 12.30) se disfruta junto con el profesor y te da la oportunidad de aprender aspectos culturales y costumbres del espa\u00f1ol en un ambiente relajado.<\/li>\n<\/ul>\n<ul>\n<li>El programa de la tarde (de 12.30 a 14.00) consiste en practicar el material ofrecido durante el programa de la ma\u00f1ana mediante juegos de rol y ejercicios de conversaci\u00f3n.<\/li>\n<\/ul>\n<ul>\n<li>Al final de la formaci\u00f3n, los alumnos recibir\u00e1n un certificado de participaci\u00f3n.<\/li>\n<\/ul>\n<p style=\"text-align: center;\"><img decoding=\"async\" class=\"size-medium wp-image-703 aligncenter\" title=\"Tapas\" src=\"http:\/\/www.espanoluniversal.nl\/wp-content\/uploads\/2011\/05\/IMG_4734-300x225.jpg\" alt=\"\" width=\"300\" height=\"225\" srcset=\"https:\/\/www.espanoluniversal.nl\/wp-content\/uploads\/2011\/05\/IMG_4734-300x225.jpg 300w, https:\/\/www.espanoluniversal.nl\/wp-content\/uploads\/2011\/05\/IMG_4734-1024x768.jpg 1024w\" sizes=\"(max-width: 300px) 100vw, 300px\" \/><\/p>\n<ul>\n<li><strong>D\u00edas de clase: <\/strong>lunes, jueves<\/li>\n<li><strong>Horario de las clases: <\/strong>09.00 &#8211; 14.00<\/li>\n<li><strong>Lugar de la clase: <\/strong>Hofmanweg 5 en Haarlem (aparcamiento gratuito)<\/li>\n<\/ul>\n<p>Si quieres inscribirte, saber m\u00e1s sobre el Curso de Verano de Espa\u00f1ol haz clic <a title=\"contacta con\" href=\"http:\/\/www.espanoluniversal.nl\/contact\/\" rel=\"noopener\">aqu\u00ed<\/a> o llama al 06-41166606.<\/p>\n<p>Si quieres saber si este curso sigue disponible consulta el horario de clases <a title=\"horario\" href=\"http:\/\/www.espanoluniversal.nl\/cursus-aanbod\/lesrooster\/\">aqu\u00ed<\/a>.<\/p>\n","protected":false},"excerpt":{"rendered":"<p>Espa\u00f1ol Universal organiza un curso intensivo de espa\u00f1ol para principiantes en Haarlem en el verano de 2021. Este curso consta de 20 horas lectivas repartidas en cuatro d\u00edas. El curso de verano est\u00e1 dise\u00f1ado para personas que quieren dominar las destrezas b\u00e1sicas de la lengua espa\u00f1ola de forma r\u00e1pida y eficaz. En este curso divertido [&hellip;]<\/p>\n","protected":false},"author":1,"featured_media":0,"comment_status":"closed","ping_status":"open","sticky":false,"template":"","format":"standard","meta":{"footnotes":""},"categories":[22],"tags":[],"class_list":["post-8239","post","type-post","status-publish","format-standard","hentry","category-sin-categorizar"],"_links":{"self":[{"href":"https:\/\/www.espanoluniversal.nl\/es\/wp-json\/wp\/v2\/posts\/8239","targetHints":{"allow":["GET"]}}],"collection":[{"href":"https:\/\/www.espanoluniversal.nl\/es\/wp-json\/wp\/v2\/posts"}],"about":[{"href":"https:\/\/www.espanoluniversal.nl\/es\/wp-json\/wp\/v2\/types\/post"}],"author":[{"embeddable":true,"href":"https:\/\/www.espanoluniversal.nl\/es\/wp-json\/wp\/v2\/users\/1"}],"replies":[{"embeddable":true,"href":"https:\/\/www.espanoluniversal.nl\/es\/wp-json\/wp\/v2\/comments?post=8239"}],"version-history":[{"count":0,"href":"https:\/\/www.espanoluniversal.nl\/es\/wp-json\/wp\/v2\/posts\/8239\/revisions"}],"wp:attachment":[{"href":"https:\/\/www.espanoluniversal.nl\/es\/wp-json\/wp\/v2\/media?parent=8239"}],"wp:term":[{"taxonomy":"category","embeddable":true,"href":"https:\/\/www.espanoluniversal.nl\/es\/wp-json\/wp\/v2\/categories?post=8239"},{"taxonomy":"post_tag","embeddable":true,"href":"https:\/\/www.espanoluniversal.nl\/es\/wp-json\/wp\/v2\/tags?post=8239"}],"curies":[{"name":"wp","href":"https:\/\/api.w.org\/{rel}","templated":true}]}}